{"id":1075,"date":"2011-08-05T09:35:26","date_gmt":"2011-08-05T07:35:26","guid":{"rendered":"http:\/\/jodlajodla.si\/blog\/?p=1075"},"modified":"2011-08-05T19:43:45","modified_gmt":"2011-08-05T17:43:45","slug":"si-mobil-in-podrazitev-paketov","status":"publish","type":"post","link":"https:\/\/jodlajodla.si\/blog\/si-mobil-in-podrazitev-paketov\/","title":{"rendered":"Si.mobil in podra\u017eitev paketov &#8211; jok in stok naro\u010dnikov"},"content":{"rendered":"<p><img loading=\"lazy\" class=\"aligncenter size-full wp-image-1074\" src=\"http:\/\/jodlajodla.si\/blog\/wp-content\/uploads\/2011\/08\/simobil_podrazitev.jpg\" alt=\"\" width=\"600\" height=\"250\" srcset=\"https:\/\/jodlajodla.si\/blog\/wp-content\/uploads\/2011\/08\/simobil_podrazitev.jpg 600w, https:\/\/jodlajodla.si\/blog\/wp-content\/uploads\/2011\/08\/simobil_podrazitev-430x179.jpg 430w\" sizes=\"(max-width: 600px) 100vw, 600px\" \/><\/p>\n<p><strong>Si.mobil<\/strong> je v\u010deraj <a title=\"Spremembe cen naro\u010dni\u0161kih paketov - Si.mobil\" href=\"http:\/\/www.simobil.si\/sl\/inside.cp2?uid=452C011C-66D7-41A0-EB92-E3559F8002F6&amp;linkid=obCalc&amp;cid=C45CC6C5-8C1B-97D3-7033-0E30B0F0213C\" target=\"_blank\">najavil<\/a> podra\u017eitev naro\u010dni\u0161kih paketov in klicev v druga omre\u017eja na paketih ORTO. Podra\u017eitev pri ve\u010dini paketov bo 2 \u20ac, pri nekaterih pa 1 \u20ac, poleg tega pa bo potrebno vsako leto dopla\u010dati \u0161e 9,78 \u20ac (z DDV) za stro\u0161ke z upravljanjem naro\u010dni\u0161ke \u0161tevilke (menjava telefonske \u0161tevilke, menjava kartice SIM, &#8230;). Povi\u0161anje cen pri paketih bo 5.9., stro\u0161ek za upravljanje pa bodo obstoje\u010di uporabniki prvi\u010d pla\u010dali oktobra. Sam sicer nisem Si.mobilov naro\u010dnik, me je pa podra\u017eitev paketov spomnila na lanskoletno Mobitelovo podra\u017eitev in odziv naro\u010dnikov. Ker sem prej\u0161nje leto na <a title=\"Mobitel\" href=\"http:\/\/www.facebook.com\/mobitel.si\" target=\"_blank\">Mobitelovi Facebook strani<\/a> prebral precej prito\u017eb na podra\u017eitev paketa Itak D\u017eabest, se letos niti nisem moral upreti, da ne bi pogledal na <a title=\"Si.mobil\" href=\"http:\/\/www.facebook.com\/simobil?sk=wall\" target=\"_blank\">Si.mobilovo Facebook stran<\/a> in kak\u0161en je odziv naro\u010dnikov na podra\u017eitev tukaj. Mobitel je sicer prej\u0161nje leto cene spreminjal ob podobnem \u010dasu, zato je bil takrat Mobitelov zid na Facebooku vse do lanskega septembra poln prito\u017eb, kasneje pa so bila na zidu le vpra\u0161anja o paketih in mobilcih.<\/p>\n<p><!--more-->Pravzaprav me zelo zanima, kak\u0161en bo zid na Si.mobilovi Facebook strani, ko bodo dejansko spremenili cene paketov. Najbolj od vsega pa me moti to, da naro\u010dniki s prito\u017ebami smetijo Si.mobilovo Facebook stran, saj so pred samo sklenitvijo naro\u010dni\u0161kih paketov prejeli aneks, na katerem je zagotovo jasno pisalo, da lahko dru\u017eba Si.mobil spremeni politiko poslovanja. Obenem sem na <a title=\"Si.mobil\" href=\"http:\/\/www.facebook.com\/simobil?sk=wall\" target=\"_blank\">Facebooku<\/a> zasledil tudi <a title=\"Si.mobil\" href=\"http:\/\/www.facebook.com\/simobil?sk=wall\" target=\"_blank\">odgovor Si.mobila<\/a>, ki pravi:<\/p>\n<blockquote><p>Na Si.mobilu sledimo dolo\u010dbam le-te oziroma \u0161e ve\u010d, z \u017eeljo po varstvu pravic naro\u010dnikov smo se npr. odlo\u010dili, da, upo\u0161tevajo\u010d poletne mesece in dopuste, naro\u010dnikom ponudimo mo\u017enost odstopa od naro\u010dni\u0161ke pogodbe brez sankcij in odpovednega roka vse do 18.9., \u010deprav bi po Zakonu o elektronskih komunikacijah bili dol\u017eni to mo\u017enost ponujati samo 30 dni od objave sprememb.<br \/>\nPoleg tega nam spremembe omogo\u010dajo tudi Splo\u0161ni pogoji 107.\/108.<\/p><\/blockquote>\n<p>To torej pomeni, da lahko dejansko dolgoletni naro\u010dniki prekinejo pogodbo, za pred\u010dasno prekinitev &#8220;sve\u017eih&#8221; pogodb pa so na dnu <a title=\"Spremembe cen naro\u010dni\u0161kih paketov - Si.mobil\" href=\"http:\/\/www.simobil.si\/sl\/inside.cp2?uid=452C011C-66D7-41A0-EB92-E3559F8002F6&amp;linkid=obCalc&amp;cid=C45CC6C5-8C1B-97D3-7033-0E30B0F0213C\" target=\"_blank\">te strani<\/a> dodali \u0161e pripomo\u010dek za izra\u010dun stro\u0161kov za pred\u010dasno prekinitev. Torej se v niti eni prito\u017ebi naro\u010dnikov na Si.mobil ne strinjam, saj so bili s podobnimi spremembami obve\u0161\u010deni, kakor sem \u017ee povedal, z aneksom, ki so ga prejeli pred sprejetjem naro\u010dni\u0161kega obdobja.<\/p>\n<p>Za primerjavo med konkuren\u010dnima paketoma pri Si.mobilu in Mobitelu, sem vzel paket Otro u nulo in Itak D\u017eabest. Za Orto u nulo bo odslej potrebno od\u0161teti 12 \u20ac mese\u010dno + 10 \u20ac letno za stro\u0161ke naro\u010dni\u0161ke tel. \u0161t., kar znese skupaj 154 \u20ac (z vklju\u010denimi storitvami &#8211; klici, smsi, &#8230;). Za Itak D\u017eabest pa 19 \u20ac mese\u010dno, kar skupaj nanese 228 \u20ac (pravtako le z vklju\u010denimi storitvami). Sam paket Orto u nulo se sicer da \u0161e nadgraditi z zakupom prenosa podatkov in klici v druga omre\u017eja, kjer so za povpre\u010dnega uporabnika storitev, dokaj pomembni klici v druga omre\u017eja. V primeru, da dodamo \u0161e Opcijo 201, ki dodatno stane 5 \u20ac, pa je 17 \u20ac mese\u010dno + 10 \u20ac letno za stro\u0161ke naro\u010d. tel. \u0161t. skupaj 214 \u20ac, z Opcijo 501 pa 21 \u20ac mese\u010dno + 10 \u20ac letno za stro\u0161ke naro\u010d. tel. \u0161t., skupaj 262 \u20ac.<\/p>\n<p>Glede na cene paketov, me je obenem presenetil tudi komentar na zidu, katerega vsebina je bila, da ob tem, ko se bodo cene podra\u017eile za 2 \u20ac, ne bodo mogli ve\u010d pla\u010devati tako drage naro\u010dnine. V primeru, da bi bil to paket Orto u nulo, ki bo mese\u010dno stal 12 \u20ac, se mi zdi, da je glede na konkuren\u010den paket \u0161e dokaj poceni. Dejansko pa za vse, ki mislijo, da tako velikih stro\u0161kov ne bodo zmo\u017eni pla\u010devati, pa predlagam prednaro\u010dni\u0161ki paket ali pa preprosto ukinitev naro\u010dnine in mobilca, saj le-ta ni nujen. Se sicer zavedam, da je za nekatere to dokaj velika sprememba in s tem tudi cena ob pla\u010devanju paketa, vendar ho\u010de\u0161 no\u010de\u0161, so se s spremembo strinjali vsi naro\u010dniki ob podpisu aneksa.<\/p>\n","protected":false},"excerpt":{"rendered":"<p>Si.mobil je v\u010deraj najavil podra\u017eitev naro\u010dni\u0161kih paketov in klicev v druga omre\u017eja na paketih ORTO. Podra\u017eitev pri ve\u010dini paketov bo 2 \u20ac, pri nekaterih pa 1 \u20ac, poleg tega pa bo potrebno vsako leto dopla\u010dati \u0161e 9,78 \u20ac (z DDV) za stro\u0161ke z upravljanjem naro\u010dni\u0161ke \u0161tevilke (menjava telefonske \u0161tevilke, menjava kartice SIM, &#8230;). Povi\u0161anje cen [&hellip;]<\/p>\n","protected":false},"author":2,"featured_media":0,"comment_status":"open","ping_status":"open","sticky":false,"template":"","format":"standard","meta":[],"categories":[10,4,275],"tags":[443,41,815,814,813,812],"_links":{"self":[{"href":"https:\/\/jodlajodla.si\/blog\/wp-json\/wp\/v2\/posts\/1075"}],"collection":[{"href":"https:\/\/jodlajodla.si\/blog\/wp-json\/wp\/v2\/posts"}],"about":[{"href":"https:\/\/jodlajodla.si\/blog\/wp-json\/wp\/v2\/types\/post"}],"author":[{"embeddable":true,"href":"https:\/\/jodlajodla.si\/blog\/wp-json\/wp\/v2\/users\/2"}],"replies":[{"embeddable":true,"href":"https:\/\/jodlajodla.si\/blog\/wp-json\/wp\/v2\/comments?post=1075"}],"version-history":[{"count":3,"href":"https:\/\/jodlajodla.si\/blog\/wp-json\/wp\/v2\/posts\/1075\/revisions"}],"predecessor-version":[{"id":1077,"href":"https:\/\/jodlajodla.si\/blog\/wp-json\/wp\/v2\/posts\/1075\/revisions\/1077"}],"wp:attachment":[{"href":"https:\/\/jodlajodla.si\/blog\/wp-json\/wp\/v2\/media?parent=1075"}],"wp:term":[{"taxonomy":"category","embeddable":true,"href":"https:\/\/jodlajodla.si\/blog\/wp-json\/wp\/v2\/categories?post=1075"},{"taxonomy":"post_tag","embeddable":true,"href":"https:\/\/jodlajodla.si\/blog\/wp-json\/wp\/v2\/tags?post=1075"}],"curies":[{"name":"wp","href":"https:\/\/api.w.org\/{rel}","templated":true}]}}