{"id":1101,"date":"2011-09-08T16:41:55","date_gmt":"2011-09-08T14:41:55","guid":{"rendered":"http:\/\/jodlajodla.si\/blog\/?p=1101"},"modified":"2011-09-08T16:41:55","modified_gmt":"2011-09-08T14:41:55","slug":"si-mobil-in-podrazitev-nadomestilo","status":"publish","type":"post","link":"https:\/\/jodlajodla.si\/blog\/si-mobil-in-podrazitev-nadomestilo\/","title":{"rendered":"Si.mobil &#8211; Nadomestila za upravljanje z naro\u010dni\u0161ko \u0161tevilko ne bo"},"content":{"rendered":"<p><img loading=\"lazy\" class=\"aligncenter size-full wp-image-1100\" src=\"http:\/\/jodlajodla.si\/blog\/wp-content\/uploads\/2011\/09\/simobil_podrazitev_2.jpg\" alt=\"\" width=\"600\" height=\"250\" srcset=\"https:\/\/jodlajodla.si\/blog\/wp-content\/uploads\/2011\/09\/simobil_podrazitev_2.jpg 600w, https:\/\/jodlajodla.si\/blog\/wp-content\/uploads\/2011\/09\/simobil_podrazitev_2-430x179.jpg 430w\" sizes=\"(max-width: 600px) 100vw, 600px\" \/><\/p>\n<p>Si.mobil je v za\u010detku avgusta <a title=\"Si.mobil in podra\u017eitev paketov - jodlajodla.si\" href=\"http:\/\/jodlajodla.si\/blog\/si-mobil-in-podrazitev-paketov\/\">najavil<\/a> podra\u017eitev naro\u010dni\u0161kih paketov, ki je spro\u017eil veliko nezadovoljstvo uporabnikov. Ve\u010dini paketov so se naro\u010dnine pove\u010dale za 2 \u20ac, nekaterim za 1 \u20ac, poleg tega pa bi bilo potrebno pla\u010devati \u0161e letno nadomestilo za upravljanje z naro\u010dni\u0161ko \u0161tevilko. Z dana\u0161njim dnem, <a title=\"Nadomestila za upravljanje z naro\u010dni\u0161ko \u0161tevilko ne bo - Si.mobil\" href=\"http:\/\/www.simobil.si\/sl\/inside.cp2?uid=FF5F8D9E-2A65-C55E-6F6F-0C7D955E7DE9&amp;linkid=news&amp;cid=C45CC6C5-8C1B-97D3-7033-0E30B0F0213C\">Si.mobil letno nadomestilo ukinja<\/a>, saj odlo\u010ditev temelji na odlo\u010dbi tr\u017enega in\u0161pektorata, ki prepoveduje zara\u010dunavanje te storitve. Ker pa letnega nadomestila ne bo, cene vklju\u010denih storitev v nadomestilo ostajajo tak\u0161ne kot pred uvedbo le-tega. Cene paketov \u0161e naprej ostajajo konkuren\u010dne, paket ORTO U NULO je sedaj 12 \u20ac mese\u010dno, kar pomeni 144 \u20ac letno, v primeru dodatka s klici Opcija 201 v druga omre\u017eja pa 17 \u20ac mese\u010dno in 204 \u20ac letno. Sam sem spremljal <a title=\"Si.mobil\" href=\"http:\/\/www.facebook.com\/simobil?sk=wall\">Si.mobilovo Facebook stran<\/a>, na katero so se uporabniki prito\u017eevali, najprej glede podra\u017eitve in kasneje le zaradi letnega nadomestila. Vse skupaj je bilo dokaj podobno lanskoletni podra\u017eitvi Mobitela, saj se v za\u010detku septembra dejansko ni prito\u017eeval nih\u010de ve\u010d.<\/p>\n","protected":false},"excerpt":{"rendered":"<p>Si.mobil je v za\u010detku avgusta najavil podra\u017eitev naro\u010dni\u0161kih paketov, ki je spro\u017eil veliko nezadovoljstvo uporabnikov. Ve\u010dini paketov so se naro\u010dnine pove\u010dale za 2 \u20ac, nekaterim za 1 \u20ac, poleg tega pa bi bilo potrebno pla\u010devati \u0161e letno nadomestilo za upravljanje z naro\u010dni\u0161ko \u0161tevilko. Z dana\u0161njim dnem, Si.mobil letno nadomestilo ukinja, saj odlo\u010ditev temelji na odlo\u010dbi [&hellip;]<\/p>\n","protected":false},"author":2,"featured_media":0,"comment_status":"open","ping_status":"open","sticky":false,"template":"","format":"standard","meta":[],"categories":[10,4,275],"tags":[443,41,815,814,813,812],"_links":{"self":[{"href":"https:\/\/jodlajodla.si\/blog\/wp-json\/wp\/v2\/posts\/1101"}],"collection":[{"href":"https:\/\/jodlajodla.si\/blog\/wp-json\/wp\/v2\/posts"}],"about":[{"href":"https:\/\/jodlajodla.si\/blog\/wp-json\/wp\/v2\/types\/post"}],"author":[{"embeddable":true,"href":"https:\/\/jodlajodla.si\/blog\/wp-json\/wp\/v2\/users\/2"}],"replies":[{"embeddable":true,"href":"https:\/\/jodlajodla.si\/blog\/wp-json\/wp\/v2\/comments?post=1101"}],"version-history":[{"count":1,"href":"https:\/\/jodlajodla.si\/blog\/wp-json\/wp\/v2\/posts\/1101\/revisions"}],"predecessor-version":[{"id":1102,"href":"https:\/\/jodlajodla.si\/blog\/wp-json\/wp\/v2\/posts\/1101\/revisions\/1102"}],"wp:attachment":[{"href":"https:\/\/jodlajodla.si\/blog\/wp-json\/wp\/v2\/media?parent=1101"}],"wp:term":[{"taxonomy":"category","embeddable":true,"href":"https:\/\/jodlajodla.si\/blog\/wp-json\/wp\/v2\/categories?post=1101"},{"taxonomy":"post_tag","embeddable":true,"href":"https:\/\/jodlajodla.si\/blog\/wp-json\/wp\/v2\/tags?post=1101"}],"curies":[{"name":"wp","href":"https:\/\/api.w.org\/{rel}","templated":true}]}}