{"id":40,"date":"2008-07-07T19:47:09","date_gmt":"2008-07-07T17:47:09","guid":{"rendered":"http:\/\/jodlajodla.info\/blog\/obogatel-sem-za-1leto\/"},"modified":"2008-07-09T16:07:10","modified_gmt":"2008-07-09T14:07:10","slug":"obogatel-sem-za-1leto","status":"publish","type":"post","link":"https:\/\/jodlajodla.si\/blog\/obogatel-sem-za-1leto\/","title":{"rendered":"Obogatel sem za&#8230; 1leto"},"content":{"rendered":"<p>Pred 13. leti v Kranju je na svet prijokal nekdo, ki pi\u0161e ta blog. Ta, ki pi\u0161e ta blog, mu je ime Jan. Zato, vam ho\u010de pokazati, kaj se mu je dogajalo danes&#8230; (tak post naj bi bil napisan pred 13. leti \ud83d\ude1b xD )<\/p>\n<p>Danes imam rojstni dan in se spodobi, da se temu primerno napi\u0161e en post&#8230; in sem ga \ud83d\ude00<\/p>\n<p>Ker se ponavad, ko ma nekdo b-day spe\u010de torta, se temu ni taka oblika prilagajala, vendar je blia vseeno torta \ud83d\ude1b<\/p>\n<p><img loading=\"lazy\" src=\"http:\/\/jodlajodla.si\/blog\/wp-content\/uploads\/HLIC\/cffce67493fca93237be4466d5f78bc6.jpg\" alt=\"\" width=\"360\" height=\"360\" \/><\/p>\n<p>moja torta \ud83d\ude1b<\/p>\n<p>Torta je bla dobra, samo zdej jo je na \u017ealost \u017ee zmankal \ud83d\ude42<\/p>\n<p><img loading=\"lazy\" src=\"http:\/\/jodlajodla.si\/blog\/wp-content\/uploads\/HLIC\/6973957f16fcf51cbf2e88c8d58c8ba9.jpg\" alt=\"\" width=\"360\" height=\"360\" \/><\/p>\n<p>Upam, da znate prebrat, kaj gor pi\u0161e \ud83d\ude09<\/p>\n<p>Kaj pa je blo \u0161e zraven sladoleda?<\/p>\n<p><img loading=\"lazy\" src=\"http:\/\/jodlajodla.si\/blog\/wp-content\/uploads\/HLIC\/0a042a5f9ecce9a9e3239d27162c4303.jpg\" alt=\"\" width=\"360\" height=\"360\" \/><\/p>\n<p>no comment \ud83d\ude1b<\/p>\n<p>in ko sem za\u010del rezat&#8230;<\/p>\n<p><img loading=\"lazy\" src=\"http:\/\/jodlajodla.si\/blog\/wp-content\/uploads\/HLIC\/e8c538055d7eab499cf984722e4e4927.jpg\" alt=\"\" width=\"360\" height=\"360\" \/><\/p>\n<p>je no\u017e tko notr ustov.<\/p>\n<p>Tko not sem zarezu&#8230;<\/p>\n<p><img loading=\"lazy\" src=\"http:\/\/jodlajodla.si\/blog\/wp-content\/uploads\/HLIC\/cf230955be914aec7b3ac9657aacc509.jpg\" alt=\"\" width=\"360\" height=\"360\" \/><\/p>\n<p>in pol pojedu tut ta prvi kos \ud83d\ude00 \ud83d\ude09 \ud83d\ude1b<\/p>\n","protected":false},"excerpt":{"rendered":"<p>Pred 13. leti v Kranju je na svet prijokal nekdo, ki pi\u0161e ta blog. Ta, ki pi\u0161e ta blog, mu je ime Jan. Zato, vam ho\u010de pokazati, kaj se mu je dogajalo danes&#8230; (tak post naj bi bil napisan pred 13. leti \ud83d\ude1b xD ) Danes imam rojstni dan in se spodobi, da se temu [&hellip;]<\/p>\n","protected":false},"author":1,"featured_media":0,"comment_status":"open","ping_status":"open","sticky":false,"template":"","format":"standard","meta":[],"categories":[1],"tags":[],"_links":{"self":[{"href":"https:\/\/jodlajodla.si\/blog\/wp-json\/wp\/v2\/posts\/40"}],"collection":[{"href":"https:\/\/jodlajodla.si\/blog\/wp-json\/wp\/v2\/posts"}],"about":[{"href":"https:\/\/jodlajodla.si\/blog\/wp-json\/wp\/v2\/types\/post"}],"author":[{"embeddable":true,"href":"https:\/\/jodlajodla.si\/blog\/wp-json\/wp\/v2\/users\/1"}],"replies":[{"embeddable":true,"href":"https:\/\/jodlajodla.si\/blog\/wp-json\/wp\/v2\/comments?post=40"}],"version-history":[{"count":0,"href":"https:\/\/jodlajodla.si\/blog\/wp-json\/wp\/v2\/posts\/40\/revisions"}],"wp:attachment":[{"href":"https:\/\/jodlajodla.si\/blog\/wp-json\/wp\/v2\/media?parent=40"}],"wp:term":[{"taxonomy":"category","embeddable":true,"href":"https:\/\/jodlajodla.si\/blog\/wp-json\/wp\/v2\/categories?post=40"},{"taxonomy":"post_tag","embeddable":true,"href":"https:\/\/jodlajodla.si\/blog\/wp-json\/wp\/v2\/tags?post=40"}],"curies":[{"name":"wp","href":"https:\/\/api.w.org\/{rel}","templated":true}]}}