{"id":789,"date":"2010-10-17T21:39:16","date_gmt":"2010-10-17T19:39:16","guid":{"rendered":"http:\/\/jodlajodla.si\/blog\/?p=789"},"modified":"2010-10-17T21:41:13","modified_gmt":"2010-10-17T19:41:13","slug":"poletje-2010-2","status":"publish","type":"post","link":"https:\/\/jodlajodla.si\/blog\/poletje-2010-2\/","title":{"rendered":"Poletje 2010 #2"},"content":{"rendered":"<p><img loading=\"lazy\" class=\"aligncenter size-full wp-image-791\" src=\"http:\/\/jodlajodla.si\/blog\/wp-content\/uploads\/2010\/10\/cvet_mini.jpg\" alt=\"\" width=\"600\" height=\"250\" srcset=\"https:\/\/jodlajodla.si\/blog\/wp-content\/uploads\/2010\/10\/cvet_mini.jpg 600w, https:\/\/jodlajodla.si\/blog\/wp-content\/uploads\/2010\/10\/cvet_mini-430x179.jpg 430w\" sizes=\"(max-width: 600px) 100vw, 600px\" \/><br \/>\nOd poletja je \u017ee zelo dolgo. Konec meseca bomo uro prestavili iz poletnega na zimski \u010das, natan\u010dneje 31. oktobra. Tako kot v prvi objavi <a title=\"Poletje 2010 - jodlajodla.info\" href=\"http:\/\/jodlajodla.si\/blog\/poletje-2010\/\" target=\"_blank\">Poletje 2010<\/a>, sem tudi te fotografije posnel s fotoaparatom <a title=\"Nikon Coolpix P100 - jodlajodla.info\" href=\"http:\/\/jodlajodla.si\/blog\/nikon-coolpix-p100\/\" target=\"_blank\">Nikon Coolpix P100<\/a>. Tokrat sem fotografiral cvet in pa drevo v naravi pri son\u010dni svetlobi, koruzo pa v son\u010dnem zahodu.<\/p>\n<p>\u0160e drugi dve fotografiji:<!--more--><\/p>\n<p style=\"text-align: center\"><a href=\"http:\/\/jodlajodla.si\/blog\/wp-content\/uploads\/2010\/10\/drevo_narava.jpg\" rel=\"lightbox[789]\"><img loading=\"lazy\" class=\"alignnone size-thumbnail wp-image-792\" src=\"http:\/\/jodlajodla.si\/blog\/wp-content\/uploads\/2010\/10\/drevo_narava-150x150.jpg\" alt=\"\" width=\"150\" height=\"150\" \/><\/a> <a href=\"http:\/\/jodlajodla.si\/blog\/wp-content\/uploads\/2010\/10\/koruza_zahod.jpg\" rel=\"lightbox[789]\"><img loading=\"lazy\" class=\"alignnone size-thumbnail wp-image-793\" src=\"http:\/\/jodlajodla.si\/blog\/wp-content\/uploads\/2010\/10\/koruza_zahod-150x150.jpg\" alt=\"\" width=\"150\" height=\"150\" \/><\/a><\/p>\n","protected":false},"excerpt":{"rendered":"<p>Od poletja je \u017ee zelo dolgo. Konec meseca bomo uro prestavili iz poletnega na zimski \u010das, natan\u010dneje 31. oktobra. Tako kot v prvi objavi Poletje 2010, sem tudi te fotografije posnel s fotoaparatom Nikon Coolpix P100. Tokrat sem fotografiral cvet in pa drevo v naravi pri son\u010dni svetlobi, koruzo pa v son\u010dnem zahodu. \u0160e drugi [&hellip;]<\/p>\n","protected":false},"author":2,"featured_media":0,"comment_status":"open","ping_status":"open","sticky":false,"template":"","format":"standard","meta":[],"categories":[5,10,4],"tags":[495,1271,251,681,686,687],"_links":{"self":[{"href":"https:\/\/jodlajodla.si\/blog\/wp-json\/wp\/v2\/posts\/789"}],"collection":[{"href":"https:\/\/jodlajodla.si\/blog\/wp-json\/wp\/v2\/posts"}],"about":[{"href":"https:\/\/jodlajodla.si\/blog\/wp-json\/wp\/v2\/types\/post"}],"author":[{"embeddable":true,"href":"https:\/\/jodlajodla.si\/blog\/wp-json\/wp\/v2\/users\/2"}],"replies":[{"embeddable":true,"href":"https:\/\/jodlajodla.si\/blog\/wp-json\/wp\/v2\/comments?post=789"}],"version-history":[{"count":3,"href":"https:\/\/jodlajodla.si\/blog\/wp-json\/wp\/v2\/posts\/789\/revisions"}],"predecessor-version":[{"id":795,"href":"https:\/\/jodlajodla.si\/blog\/wp-json\/wp\/v2\/posts\/789\/revisions\/795"}],"wp:attachment":[{"href":"https:\/\/jodlajodla.si\/blog\/wp-json\/wp\/v2\/media?parent=789"}],"wp:term":[{"taxonomy":"category","embeddable":true,"href":"https:\/\/jodlajodla.si\/blog\/wp-json\/wp\/v2\/categories?post=789"},{"taxonomy":"post_tag","embeddable":true,"href":"https:\/\/jodlajodla.si\/blog\/wp-json\/wp\/v2\/tags?post=789"}],"curies":[{"name":"wp","href":"https:\/\/api.w.org\/{rel}","templated":true}]}}